{"id":35,"date":"2024-03-14T14:49:50","date_gmt":"2024-03-14T13:49:50","guid":{"rendered":"https:\/\/voltepravyblok.cz\/?p=35"},"modified":"2024-03-14T14:48:14","modified_gmt":"2024-03-14T13:48:14","slug":"volte-pravy-blok-www-cibulka-net-transparentni-staly-ucet-pro-dary-a-prispevky-ze-statniho-rozpoctu","status":"publish","type":"post","link":"https:\/\/voltepravyblok.cz\/?p=35","title":{"rendered":"Volte Prav\u00fd Blok www.cibulka.net-transparentn\u00ed st\u00e1l\u00fd \u00fa\u010det pro dary a p\u0159\u00edsp\u011bvky ze st\u00e1tn\u00edho rozpo\u010dtu"},"content":{"rendered":"<h2 style=\"text-align: center;\"><span style=\"color: #ff0000;\">Volte Prav\u00fd Blok www.cibulka.net-transparentn\u00ed st\u00e1l\u00fd \u00fa\u010det <span style=\"color: #0000ff;\">pro dary<\/span><\/span><span style=\"color: #0000ff;\">\u00a0<\/span><span style=\"color: #ff0000;\"> a p\u0159\u00edsp\u011bvky ze st\u00e1tn\u00edho rozpo\u010dtu<\/span><br \/>\n<a href=\"https:\/\/ib.fio.cz\/ib\/transparent?a=2801272005\">ST\u00c1L\u00dd \u00da\u010cET VE FIO<\/a><\/h2>\n<h3 style=\"text-align: center;\">(Pokud se rozhodnete na\u0161i politickou stranu Volte Prav\u00fd Blok www.cibulka.net finan\u010dn\u011b podpo\u0159it, z\u00e1kon vy\u017eaduje od d\u00e1rce n\u00e1sleduj\u00edc\u00ed \u00fadaje, bez kter\u00fdch mus\u00edme ka\u017ed\u00fd dar vr\u00e1tit: Jm\u00e9no a p\u0159\u00edjmen\u00ed d\u00e1rce, jeho datum narozen\u00ed a M\u00cdSTO trval\u00e9ho bydli\u0161t\u011b. Pro ka\u017ed\u00fd dar nad 1000,-K\u010d pak z\u00e1kon vy\u017eaduje uzav\u0159\u00edt s d\u00e1rcem darovac\u00ed smlouvu. Proto pros\u00edm dary nad 1000,-K\u010d rozd\u011blte na n\u011bkolik \u010d\u00e1st\u00ed. Pokud se v\u00e1m nepoda\u0159\u00ed z\u00e1konem vy\u017eadovan\u00e9 \u00fadaje vepsat p\u0159\u00edmo k pen\u011b\u017en\u00edmu daru do kolonky Zpr\u00e1va pro p\u0159\u00edjemce, uve\u010fte pros\u00edm do t\u00e9to kolonky alespo\u0148 sv\u016fj mail, na kter\u00fd se v\u00e1m ozveme. Nebo n\u00e1m po\u0161lete tyto \u00fadaje na n\u00e1\u0161 mail Petr.Cibulka@PravyBlok.cz, za co\u017e v\u00e1m p\u0159edem moc d\u011bkujeme!!! Proto\u017ee vl\u00e1dnouc\u00ed vlastizr\u00e1dn\u00e1 krimin\u00e1ln\u00ed f\u00edzlokracie ru\u03df\u03dfk\u00fdch BIS=KGB+GRU na\u0161e maily u\u017e mnoho let blokuje, vy\u010dkejte pros\u00edm na na\u0161i odpov\u011b\u010f. Pokud na\u0161i odpov\u011b\u010f nedostanete, pak posledn\u00ed mo\u017enost\u00ed je p\u0159\u00edm\u00fd osobn\u00ed kontakt s n\u00e1mi, a to ka\u017edoro\u010dn\u011b ve st\u00e1tn\u00ed sv\u00e1tky 1. 5. a 28. 10. v Praze na Strossmayerov\u011b n\u00e1m\u011bst\u00ed, 300 metr\u016f od stanice metra C Vltavsk\u00e1, p\u0159\u00edmo p\u0159ed kostelem sv. Anton\u00edna, od 10 do 12 hodin.<br \/>\nV\u0161ichni krom\u011b f\u00edzl\u016f jsou zde co nejsrde\u010dn\u011bji v\u00edt\u00e1ni!!!)<\/h3>\n<h2 style=\"text-align: center;\"><span style=\"color: #ff0000;\">Volte Prav\u00fd Blok www.cibulka.net-transparentn\u00ed volebn\u00ed \u00fa\u010det pro evidenci v\u00fddaj\u016f na volby do Evropsk\u00e9ho parlamentu 2024<\/span><br \/>\n<a href=\"https:\/\/ib.fio.cz\/ib\/transparent?a=2502761853\">\u00da\u010cET VE FIO <\/a><\/h2>\n<h1 style=\"text-align: center;\"><\/h1>\n","protected":false},"excerpt":{"rendered":"<p>Volte Prav\u00fd Blok www.cibulka.net-transparentn\u00ed st\u00e1l\u00fd \u00fa\u010det pro dary\u00a0 a p\u0159\u00edsp\u011bvky ze st\u00e1tn\u00edho rozpo\u010dtu ST\u00c1L\u00dd \u00da\u010cET VE FIO (Pokud se rozhodnete na\u0161i politickou stranu Volte Prav\u00fd Blok www.cibulka.net finan\u010dn\u011b podpo\u0159it, z\u00e1kon vy\u017eaduje od d\u00e1rce n\u00e1sleduj\u00edc\u00ed \u00fadaje, bez kter\u00fdch mus\u00edme ka\u017ed\u00fd dar vr\u00e1tit: Jm\u00e9no a p\u0159\u00edjmen\u00ed d\u00e1rce, jeho datum narozen\u00ed a M\u00cdSTO trval\u00e9ho bydli\u0161t\u011b. Pro ka\u017ed\u00fd dar &hellip; <a href=\"https:\/\/voltepravyblok.cz\/?p=35\" class=\"more-link\">Pokra\u010dovat ve \u010dten\u00ed<span class=\"screen-reader-text\"> &#8222;Volte Prav\u00fd Blok www.cibulka.net-transparentn\u00ed st\u00e1l\u00fd \u00fa\u010det pro dary a p\u0159\u00edsp\u011bvky ze st\u00e1tn\u00edho rozpo\u010dtu&#8220;<\/span><\/a><\/p>\n","protected":false},"author":2,"featured_media":0,"comment_status":"open","ping_status":"open","sticky":false,"template":"","format":"standard","meta":{"footnotes":""},"categories":[1],"tags":[],"class_list":["post-35","post","type-post","status-publish","format-standard","hentry","category-nezarazene"],"_links":{"self":[{"href":"https:\/\/voltepravyblok.cz\/index.php?rest_route=\/wp\/v2\/posts\/35","targetHints":{"allow":["GET"]}}],"collection":[{"href":"https:\/\/voltepravyblok.cz\/index.php?rest_route=\/wp\/v2\/posts"}],"about":[{"href":"https:\/\/voltepravyblok.cz\/index.php?rest_route=\/wp\/v2\/types\/post"}],"author":[{"embeddable":true,"href":"https:\/\/voltepravyblok.cz\/index.php?rest_route=\/wp\/v2\/users\/2"}],"replies":[{"embeddable":true,"href":"https:\/\/voltepravyblok.cz\/index.php?rest_route=%2Fwp%2Fv2%2Fcomments&post=35"}],"version-history":[{"count":7,"href":"https:\/\/voltepravyblok.cz\/index.php?rest_route=\/wp\/v2\/posts\/35\/revisions"}],"predecessor-version":[{"id":37,"href":"https:\/\/voltepravyblok.cz\/index.php?rest_route=\/wp\/v2\/posts\/35\/revisions\/37"}],"wp:attachment":[{"href":"https:\/\/voltepravyblok.cz\/index.php?rest_route=%2Fwp%2Fv2%2Fmedia&parent=35"}],"wp:term":[{"taxonomy":"category","embeddable":true,"href":"https:\/\/voltepravyblok.cz\/index.php?rest_route=%2Fwp%2Fv2%2Fcategories&post=35"},{"taxonomy":"post_tag","embeddable":true,"href":"https:\/\/voltepravyblok.cz\/index.php?rest_route=%2Fwp%2Fv2%2Ftags&post=35"}],"curies":[{"name":"wp","href":"https:\/\/api.w.org\/{rel}","templated":true}]}}